{"id":1312,"date":"2024-04-23T12:00:44","date_gmt":"2024-04-23T12:00:44","guid":{"rendered":"http:\/\/demo.goodlayers.com\/infinite\/?p=1312"},"modified":"2024-05-09T14:23:55","modified_gmt":"2024-05-09T14:23:55","slug":"arcipelago-di-la-maddalena","status":"publish","type":"post","link":"https:\/\/giteavelafilrouge.it\/fr\/2024\/04\/23\/arcipelago-di-la-maddalena\/","title":{"rendered":"Arcipelago di La Maddalena"},"content":{"rendered":"\n<p>L&rsquo;Isola di La Maddalena \u00e8 il principale centro abitato dell&rsquo;arcipelago omonimo, situato a nord est della Sardegna. La Maddalena, insieme alle altre isole dell\u2019arcipelago, Spargi, Budelli con la Spiaggia Rosa, Santa Maria, Caprera, Razzoli, sono famose in tutto il mondo per la naturale e straordinaria bellezza della natura: acque cristalline, spiagge di sabbia bianca e rocce granitiche scolpite dal vento e dal mare.<\/p>\n\n\n\n<p>L&rsquo;Isola di La Maddalena \u00e8 il fulcro dell&rsquo;arcipelago, offrendo una combinazione affascinante di storia, cultura e paesaggi mozzafiato. Caratteristiche le piccole stradine del centro storico, simili ai \u2018carruggi\u2019 genovesi. Durante il periodo della dominazione genovese in Corsica, molti corsi si stabilirono temporaneamente sull&rsquo;isola di La Maddalena e sulle isole circostanti, portando con s\u00e9 le loro tradizioni, la lingua e la cultura. La presenza dei pastori corsi ha contribuito alla diversificazione dell&rsquo;economia locale, con la pratica del pascolo che si integrava con le attivit\u00e0 di pesca e con il commercio marittimo.<\/p>\n\n\n\n<p>Questa influenza culturale si riflette ancora oggi nella gastronomia, nelle tradizioni e nei dialetti locali dell&rsquo;arcipelago di La Maddalena.<\/p>\n\n\n\n<h2 class=\"wp-block-heading\"><strong>Come si arriva a La Maddalena?<\/strong><\/h2>\n\n\n\n<p>Per raggiungere l&rsquo;Isola di La Maddalena, situata nell&rsquo;arcipelago omonimo al largo della costa nord-orientale della Sardegna, ci sono diverse opzioni di trasporto. Ecco i modi pi\u00f9 comuni per arrivare:<\/p>\n\n\n\n<ul class=\"wp-block-list\">\n<li><strong>Traghetto da Palau<\/strong>: Palau, una localit\u00e0 sulla costa nord-orientale della Sardegna, \u00e8 la principale porta di accesso all&rsquo;Isola di La Maddalena. Ci sono regolari servizi di traghetti che collegano Palau al porto di La Maddalena. I traghetti sono molto frequenti durante il giorno e la traversata dura circa 20-30 minuti. Non \u00e8 necessario prenotare in anticipo: il biglietto deve essere effettuato presso la biglietteria al porto, prima della partenza del traghetto.<\/li>\n<\/ul>\n\n\n\n<p>Queste le 2 Compagnie di traghetti che coprono la rotta Palau-La Maddalena:<\/p>\n\n\n\n<ul class=\"wp-block-list\">\n<li><a href=\"https:\/\/delcomar.it\/la-maddalena-palau\/\">https:\/\/delcomar.it\/la-maddalena-palau\/<\/a><\/li>\n\n\n\n<li><a href=\"https:\/\/www.maddalenalines.it\/\">https:\/\/www.maddalenalines.it\/<\/a><\/li>\n<\/ul>\n\n\n\n<p>L\u2019 aeroporto pi\u00f9 vicino \u00e8 l&rsquo;Aeroporto di Olbia-Costa Smeralda. Da Olbia, potete prendere un taxi o un autobus per raggiungere il porto di Palau, e poi proseguire con il traghetto per La Maddalena.<\/p>\n\n\n\n<p>Queste le compagnie di bus che effettuano il collegamento Olbia-Palau:<\/p>\n\n\n\n<ul class=\"wp-block-list\">\n<li><a href=\"https:\/\/trasportopubblico.gruppoturmotravel.com\/\">https:\/\/trasportopubblico.gruppoturmotravel.com\/<\/a><\/li>\n\n\n\n<li><a href=\"https:\/\/www.arst.sardegna.it\/servizi-orari\/servizi-extraurbani\/\">https:\/\/www.arst.sardegna.it\/servizi-orari\/servizi-extraurbani\/<\/a><\/li>\n<\/ul>\n\n\n\n<ul class=\"wp-block-list\">\n<li><strong>Giri in barca La Maddalena, con partenza da Palau. <\/strong>Se volete visitare l\u2019Arcipelago di La Maddalena potete prenotare una <a href=\"https:\/\/giteavelafilrouge.it\/tour\/arcipelago-di-la-maddalena\/\">escursione giornaliera in barca vela<\/a>, con partenza dal porto di Palau, in piccoli gruppi, massimo 12 persone o noleggiando una comoda barca a vela di 15 metri in esclusiva.<\/li>\n<\/ul>\n\n\n\n<h2 class=\"wp-block-heading\"><strong>Dove alloggiare a La Maddalena?<\/strong><\/h2>\n\n\n\n<p>L&rsquo;Isola di La Maddalena offre diverse opzioni di alloggio per soddisfare le esigenze e i gusti dei visitatori. Ecco alcuni suggerimenti su dove alloggiare sull&rsquo;isola:<\/p>\n\n\n\n<p><strong>Nel centro storico<\/strong>: Alloggiare nel centro storico di La Maddalena vi permetter\u00e0 di immergervi completamente nell&rsquo;atmosfera unica dell&rsquo;isola. Troverete una variet\u00e0 di hotel, bed and breakfast, case vacanze e appartamenti che offrono comfort e comodit\u00e0 a pochi passi dalle principali attrazioni, dai ristoranti e dai negozi.<\/p>\n\n\n\n<p><strong>Nelle zone pi\u00f9 tranquille e residenziali:<\/strong> se preferite una vacanza pi\u00f9 tranquilla e rilassante, potete optare per alloggi nelle zone pi\u00f9 periferiche dell&rsquo;isola o nell&rsquo;entroterra. Troverete agriturismi, villette o case vacanze immersi nella natura, lontani dal trambusto del centro, che offrono un&rsquo;oasi di pace e tranquillit\u00e0.<\/p>\n\n\n\n<p>Se siete alla ricerca di una sistemazione per il vostro soggiorno a La Maddalena nell\u2019estate 2024, potete dare uno sguardo alle nostre <a href=\"https:\/\/www.giteavelafilrouge.it\/case-vacanza-la-maddalena\/\">case vacanza<\/a>\u00a0e contattarci per verificare la disponibilit\u00e0.<\/p>\n\n\n\n<p>Indipendentemente dalla vostra scelta, \u00e8 consigliabile prenotare in anticipo, in particolare nei mesi di luglio e agosto, quando l&rsquo;isola attira un gran numero di visitatori.<\/p>\n\n\n\n<h2 class=\"wp-block-heading\"><strong>Come girare l&rsquo;isola della Maddalena?<\/strong><\/h2>\n\n\n\n<p>L\u2019isola di La Maddalena ha una superficie di circa 20,6 chilometri quadrati. Il centro storico si raggiunge appena si sbarca dal traghetto, mentre per raggiungere le spiagge \u00e8 necessario utilizzare un mezzo di trasporto, privato o pubblico.<\/p>\n\n\n\n<ul class=\"wp-block-list\">\n<li><strong>A piedi:<\/strong> Il centro storico di La Maddalena \u00e8 relativamente piccolo e pu\u00f2 essere facilmente esplorato a piedi. Passeggiare per le caratteristiche viuzze del centro vi permetter\u00e0 di scoprire angoli nascosti e piccoli negozi tradizionali.<\/li>\n\n\n\n<li><strong>In bicicletta<\/strong>: Noleggiare una bicicletta \u00e8 un modo divertente e sostenibile per esplorare l&rsquo;isola. Ci sono diverse societ\u00e0 di noleggio biciclette disponibili sul posto. Con la bicicletta, potrete raggiungere le spiagge sulla costa e esplorare l&rsquo;entroterra dell&rsquo;isola, godendo di panorami e tramonti mozzafiato.<\/li>\n\n\n\n<li><strong>In auto o scooter. <\/strong>Se preferite maggiore libert\u00e0 e comodit\u00e0, potete noleggiare un&rsquo;auto o uno scooter. Questo vi permetter\u00e0 di esplorare l&rsquo;isola a vostro ritmo, raggiungendo le spiagge e i luoghi di interesse turistico, senza il pensiero di trovare parcheggio.<\/li>\n\n\n\n<li><strong>Col BUS. <\/strong>Sull\u2019Isola di La Maddalena \u00e8 disponibile il servizio di trasporto pubblico del <a href=\"https:\/\/trasportopubblico.gruppoturmotravel.com\/\">Gruppo Turmotravel<\/a>, che consente di raggiungere le spiagge dell\u2019isola, oltre che quelle dell\u2019isola di Caprera (I 2 Mari, Cala Coticcio, La Spiaggia del Relitto, Punta Rossa).<\/li>\n<\/ul>\n\n\n\n<h2 class=\"wp-block-heading\"><strong>Cosa fare a La Maddalena?<\/strong><strong><\/strong><\/h2>\n\n\n\n<p><strong>Tour delle isole in barca<\/strong>: Un&rsquo;opzione molto popolare per esplorare l&rsquo;Arcipelago di La Maddalena \u00e8 partecipare a un tour in barca. Ci sono diverse compagnie che offrono escursioni in barca intorno all&rsquo;isola e alle isole circostanti, il nostro consiglio, per evitare spiacevoli inconvenienti, \u00e8 di non fidarvi della prima offerta, ma di verificare sempre che gli operatori nautici siano autorizzati e in regola con la normativa del noleggio e della locazione: sul sito del Parco \u00e8 possibile vedere l\u2019elenco degli <a href=\"https:\/\/www.lamaddalenapark.it\/area_letturaNotizia\/348694\/pagsistema.html\">operatori nautici autorizzati<\/a> dal Parco Nazionale di La Maddalena.<\/p>\n\n\n\n<p><strong>Attivit\u00e0 Outdoor<\/strong>: L&rsquo;arcipelago offre numerose opportunit\u00e0 per gli amanti delle attivit\u00e0 all&rsquo;aria aperta, come trekking lungo i sentieri panoramici che attraversano l&rsquo;isola di La Maddalena e Caprera, immersioni subacquee per esplorare i fondali marini ricchi di vita, corsi di vela presso il famosissimo <a href=\"https:\/\/www.centrovelicocaprera.it\/\">Centro Velico di Caprera<\/a>.<\/p>\n\n\n\n<p><strong>Cultura e Tradizioni<\/strong>. La Maddalena vanta una ricca storia e tradizione culturale, con eventi folkloristici, festival e manifestazioni che si svolgono durante tutto l&rsquo;anno. La cucina locale \u00e8 un&rsquo;altra attrazione, con piatti deliziosi a base di pesce fresco, prodotti locali e sapori mediterranei autentici.<\/p>\n\n\n\n<p><strong>Garibaldi e l\u2019isola di Caprera<\/strong>. L\u2019Eroe dei due mondi trascorse gli ultimi anni della sua vita sull\u2019isola di Caprera. La residenza principale di Garibaldi sull&rsquo;isola era conosciuta come <em>Casa Bianca<\/em>. Oggi, la casa Casa Bianca fa parte del <a href=\"https:\/\/musei.sardegna.beniculturali.it\/musei\/compendio-garibaldino-di-caprera\/\">Compendio Garibaldino<\/a>, che ripercorre la vita e le imprese di Garibaldi, offrendo ai visitatori l&rsquo;opportunit\u00e0 di conoscere meglio la storia d\u2019Italia e la vita epica dell\u2019eroe che, con l\u2019isola di Caprera, aveva stretto un legame fortissimo.<\/p>\n\n\n\n<p><a id=\"_msocom_3\"><\/a><\/p>\n\n\n\n<p><\/p>\n","protected":false},"excerpt":{"rendered":"<p>L&rsquo;Isola di La Maddalena \u00e8 il principale centro abitato dell&rsquo;arcipelago omonimo, situato a nord est della Sardegna. La Maddalena, insieme alle altre isole dell\u2019arcipelago, Spargi, Budelli con la Spiaggia Rosa, Santa Maria, Caprera, Razzoli, sono famose in tutto il mondo per la naturale e straordinaria bellezza della natura: acque cristalline, spiagge di sabbia bianca e [&hellip;]<\/p>\n","protected":false},"author":4,"featured_media":6095,"comment_status":"open","ping_status":"open","sticky":false,"template":"","format":"standard","meta":{"rs_blank_template":"","rs_page_bg_color":"","slide_template_v7":"","_joinchat":[],"footnotes":""},"categories":[165,167,163],"tags":[],"class_list":["post-1312","post","type-post","status-publish","format-standard","has-post-thumbnail","hentry","category-curiosita","category-storia","category-tour"],"yoast_head":"<!-- This site is optimized with the Yoast SEO plugin v27.5 - https:\/\/yoast.com\/product\/yoast-seo-wordpress\/ -->\n<title>Arcipelago di La Maddalena - Fil Rouge Sail<\/title>\n<meta name=\"description\" content=\"L&#039;Isola di La Maddalena \u00e8 il fulcro dell&#039;arcipelago, offrendo una combinazione affascinante di storia, cultura e paesaggi mozzafiato.\" \/>\n<meta name=\"robots\" content=\"index, follow, max-snippet:-1, max-image-preview:large, max-video-preview:-1\" \/>\n<link rel=\"canonical\" href=\"https:\/\/giteavelafilrouge.it\/fr\/2024\/04\/23\/arcipelago-di-la-maddalena\/\" \/>\n<meta property=\"og:locale\" content=\"fr_FR\" \/>\n<meta property=\"og:type\" content=\"article\" \/>\n<meta property=\"og:title\" content=\"Arcipelago di La Maddalena - Fil Rouge Sail\" \/>\n<meta property=\"og:description\" content=\"L&#039;Isola di La Maddalena \u00e8 il fulcro dell&#039;arcipelago, offrendo una combinazione affascinante di storia, cultura e paesaggi mozzafiato.\" \/>\n<meta property=\"og:url\" content=\"https:\/\/giteavelafilrouge.it\/fr\/2024\/04\/23\/arcipelago-di-la-maddalena\/\" \/>\n<meta property=\"og:site_name\" content=\"Fil Rouge Sail\" \/>\n<meta property=\"article:publisher\" content=\"https:\/\/www.facebook.com\/filrougesail\/\" \/>\n<meta property=\"article:published_time\" content=\"2024-04-23T12:00:44+00:00\" \/>\n<meta property=\"article:modified_time\" content=\"2024-05-09T14:23:55+00:00\" \/>\n<meta property=\"og:image\" content=\"https:\/\/giteavelafilrouge.it\/wp-content\/uploads\/2016\/06\/aripelago-di-La-Maddalena-sardegna-Fil-Rouge-Sail-min.webp\" \/>\n\t<meta property=\"og:image:width\" content=\"1080\" \/>\n\t<meta property=\"og:image:height\" content=\"624\" \/>\n\t<meta property=\"og:image:type\" content=\"image\/webp\" \/>\n<meta name=\"author\" content=\"Fil Rouge Sail\" \/>\n<meta name=\"twitter:card\" content=\"summary_large_image\" \/>\n<script type=\"application\/ld+json\" class=\"yoast-schema-graph\">{\"@context\":\"https:\\\/\\\/schema.org\",\"@graph\":[{\"@type\":\"Article\",\"@id\":\"https:\\\/\\\/giteavelafilrouge.it\\\/fr\\\/2024\\\/04\\\/23\\\/arcipelago-di-la-maddalena\\\/#article\",\"isPartOf\":{\"@id\":\"https:\\\/\\\/giteavelafilrouge.it\\\/fr\\\/2024\\\/04\\\/23\\\/arcipelago-di-la-maddalena\\\/\"},\"author\":{\"name\":\"Fil Rouge Sail\",\"@id\":\"https:\\\/\\\/giteavelafilrouge.it\\\/fr\\\/#\\\/schema\\\/person\\\/85d8a6f010d0cbb078341ed3c6f8e4a6\"},\"headline\":\"Arcipelago di La Maddalena\",\"datePublished\":\"2024-04-23T12:00:44+00:00\",\"dateModified\":\"2024-05-09T14:23:55+00:00\",\"mainEntityOfPage\":{\"@id\":\"https:\\\/\\\/giteavelafilrouge.it\\\/fr\\\/2024\\\/04\\\/23\\\/arcipelago-di-la-maddalena\\\/\"},\"wordCount\":1069,\"commentCount\":0,\"publisher\":{\"@id\":\"https:\\\/\\\/giteavelafilrouge.it\\\/fr\\\/#organization\"},\"image\":{\"@id\":\"https:\\\/\\\/giteavelafilrouge.it\\\/fr\\\/2024\\\/04\\\/23\\\/arcipelago-di-la-maddalena\\\/#primaryimage\"},\"thumbnailUrl\":\"https:\\\/\\\/giteavelafilrouge.it\\\/wp-content\\\/uploads\\\/2016\\\/06\\\/aripelago-di-La-Maddalena-sardegna-Fil-Rouge-Sail-min.webp\",\"articleSection\":[\"Curiosit\u00e0\",\"Storia\",\"Tour\"],\"inLanguage\":\"fr-FR\",\"potentialAction\":[{\"@type\":\"CommentAction\",\"name\":\"Comment\",\"target\":[\"https:\\\/\\\/giteavelafilrouge.it\\\/fr\\\/2024\\\/04\\\/23\\\/arcipelago-di-la-maddalena\\\/#respond\"]}]},{\"@type\":\"WebPage\",\"@id\":\"https:\\\/\\\/giteavelafilrouge.it\\\/fr\\\/2024\\\/04\\\/23\\\/arcipelago-di-la-maddalena\\\/\",\"url\":\"https:\\\/\\\/giteavelafilrouge.it\\\/fr\\\/2024\\\/04\\\/23\\\/arcipelago-di-la-maddalena\\\/\",\"name\":\"Arcipelago di La Maddalena - Fil Rouge Sail\",\"isPartOf\":{\"@id\":\"https:\\\/\\\/giteavelafilrouge.it\\\/fr\\\/#website\"},\"primaryImageOfPage\":{\"@id\":\"https:\\\/\\\/giteavelafilrouge.it\\\/fr\\\/2024\\\/04\\\/23\\\/arcipelago-di-la-maddalena\\\/#primaryimage\"},\"image\":{\"@id\":\"https:\\\/\\\/giteavelafilrouge.it\\\/fr\\\/2024\\\/04\\\/23\\\/arcipelago-di-la-maddalena\\\/#primaryimage\"},\"thumbnailUrl\":\"https:\\\/\\\/giteavelafilrouge.it\\\/wp-content\\\/uploads\\\/2016\\\/06\\\/aripelago-di-La-Maddalena-sardegna-Fil-Rouge-Sail-min.webp\",\"datePublished\":\"2024-04-23T12:00:44+00:00\",\"dateModified\":\"2024-05-09T14:23:55+00:00\",\"description\":\"L'Isola di La Maddalena \u00e8 il fulcro dell'arcipelago, offrendo una combinazione affascinante di storia, cultura e paesaggi mozzafiato.\",\"breadcrumb\":{\"@id\":\"https:\\\/\\\/giteavelafilrouge.it\\\/fr\\\/2024\\\/04\\\/23\\\/arcipelago-di-la-maddalena\\\/#breadcrumb\"},\"inLanguage\":\"fr-FR\",\"potentialAction\":[{\"@type\":\"ReadAction\",\"target\":[\"https:\\\/\\\/giteavelafilrouge.it\\\/fr\\\/2024\\\/04\\\/23\\\/arcipelago-di-la-maddalena\\\/\"]}]},{\"@type\":\"ImageObject\",\"inLanguage\":\"fr-FR\",\"@id\":\"https:\\\/\\\/giteavelafilrouge.it\\\/fr\\\/2024\\\/04\\\/23\\\/arcipelago-di-la-maddalena\\\/#primaryimage\",\"url\":\"https:\\\/\\\/giteavelafilrouge.it\\\/wp-content\\\/uploads\\\/2016\\\/06\\\/aripelago-di-La-Maddalena-sardegna-Fil-Rouge-Sail-min.webp\",\"contentUrl\":\"https:\\\/\\\/giteavelafilrouge.it\\\/wp-content\\\/uploads\\\/2016\\\/06\\\/aripelago-di-La-Maddalena-sardegna-Fil-Rouge-Sail-min.webp\",\"width\":1080,\"height\":624,\"caption\":\"L'arcipelago di La Maddalena, in Sardegna, fotografato da Fil Rouge Sail\"},{\"@type\":\"BreadcrumbList\",\"@id\":\"https:\\\/\\\/giteavelafilrouge.it\\\/fr\\\/2024\\\/04\\\/23\\\/arcipelago-di-la-maddalena\\\/#breadcrumb\",\"itemListElement\":[{\"@type\":\"ListItem\",\"position\":1,\"name\":\"Home\",\"item\":\"https:\\\/\\\/giteavelafilrouge.it\\\/fr\\\/\"},{\"@type\":\"ListItem\",\"position\":2,\"name\":\"Curiosit\u00e9\",\"item\":\"https:\\\/\\\/giteavelafilrouge.it\\\/fr\\\/category\\\/curiosite\\\/\"},{\"@type\":\"ListItem\",\"position\":3,\"name\":\"Arcipelago di La Maddalena\"}]},{\"@type\":\"WebSite\",\"@id\":\"https:\\\/\\\/giteavelafilrouge.it\\\/fr\\\/#website\",\"url\":\"https:\\\/\\\/giteavelafilrouge.it\\\/fr\\\/\",\"name\":\"Fil Rouge Sail\",\"description\":\"Gite in barca a vela La Maddalena e Corsica\",\"publisher\":{\"@id\":\"https:\\\/\\\/giteavelafilrouge.it\\\/fr\\\/#organization\"},\"alternateName\":\"Fil Rouge Sail\",\"potentialAction\":[{\"@type\":\"SearchAction\",\"target\":{\"@type\":\"EntryPoint\",\"urlTemplate\":\"https:\\\/\\\/giteavelafilrouge.it\\\/fr\\\/?s={search_term_string}\"},\"query-input\":{\"@type\":\"PropertyValueSpecification\",\"valueRequired\":true,\"valueName\":\"search_term_string\"}}],\"inLanguage\":\"fr-FR\"},{\"@type\":\"Organization\",\"@id\":\"https:\\\/\\\/giteavelafilrouge.it\\\/fr\\\/#organization\",\"name\":\"Fil Rouge Sail\",\"url\":\"https:\\\/\\\/giteavelafilrouge.it\\\/fr\\\/\",\"logo\":{\"@type\":\"ImageObject\",\"inLanguage\":\"fr-FR\",\"@id\":\"https:\\\/\\\/giteavelafilrouge.it\\\/fr\\\/#\\\/schema\\\/logo\\\/image\\\/\",\"url\":\"https:\\\/\\\/giteavelafilrouge.it\\\/wp-content\\\/uploads\\\/2024\\\/03\\\/logo-fil-rouge-1.png\",\"contentUrl\":\"https:\\\/\\\/giteavelafilrouge.it\\\/wp-content\\\/uploads\\\/2024\\\/03\\\/logo-fil-rouge-1.png\",\"width\":450,\"height\":178,\"caption\":\"Fil Rouge Sail\"},\"image\":{\"@id\":\"https:\\\/\\\/giteavelafilrouge.it\\\/fr\\\/#\\\/schema\\\/logo\\\/image\\\/\"},\"sameAs\":[\"https:\\\/\\\/www.facebook.com\\\/filrougesail\\\/\",\"https:\\\/\\\/www.instagram.com\\\/filrougesail\\\/\"]},{\"@type\":\"Person\",\"@id\":\"https:\\\/\\\/giteavelafilrouge.it\\\/fr\\\/#\\\/schema\\\/person\\\/85d8a6f010d0cbb078341ed3c6f8e4a6\",\"name\":\"Fil Rouge Sail\",\"image\":{\"@type\":\"ImageObject\",\"inLanguage\":\"fr-FR\",\"@id\":\"https:\\\/\\\/secure.gravatar.com\\\/avatar\\\/55bfcbdc3a6a8214aa5771b0932baa1f602d526216ea58cddab8a45c5a1b4538?s=96&d=mm&r=g\",\"url\":\"https:\\\/\\\/secure.gravatar.com\\\/avatar\\\/55bfcbdc3a6a8214aa5771b0932baa1f602d526216ea58cddab8a45c5a1b4538?s=96&d=mm&r=g\",\"contentUrl\":\"https:\\\/\\\/secure.gravatar.com\\\/avatar\\\/55bfcbdc3a6a8214aa5771b0932baa1f602d526216ea58cddab8a45c5a1b4538?s=96&d=mm&r=g\",\"caption\":\"Fil Rouge Sail\"},\"url\":\"https:\\\/\\\/giteavelafilrouge.it\\\/fr\\\/author\\\/fil-rouge-sail\\\/\"}]}<\/script>\n<!-- \/ Yoast SEO plugin. -->","yoast_head_json":{"title":"Arcipelago di La Maddalena - Fil Rouge Sail","description":"L'Isola di La Maddalena \u00e8 il fulcro dell'arcipelago, offrendo una combinazione affascinante di storia, cultura e paesaggi mozzafiato.","robots":{"index":"index","follow":"follow","max-snippet":"max-snippet:-1","max-image-preview":"max-image-preview:large","max-video-preview":"max-video-preview:-1"},"canonical":"https:\/\/giteavelafilrouge.it\/fr\/2024\/04\/23\/arcipelago-di-la-maddalena\/","og_locale":"fr_FR","og_type":"article","og_title":"Arcipelago di La Maddalena - Fil Rouge Sail","og_description":"L'Isola di La Maddalena \u00e8 il fulcro dell'arcipelago, offrendo una combinazione affascinante di storia, cultura e paesaggi mozzafiato.","og_url":"https:\/\/giteavelafilrouge.it\/fr\/2024\/04\/23\/arcipelago-di-la-maddalena\/","og_site_name":"Fil Rouge Sail","article_publisher":"https:\/\/www.facebook.com\/filrougesail\/","article_published_time":"2024-04-23T12:00:44+00:00","article_modified_time":"2024-05-09T14:23:55+00:00","og_image":[{"width":1080,"height":624,"url":"https:\/\/giteavelafilrouge.it\/wp-content\/uploads\/2016\/06\/aripelago-di-La-Maddalena-sardegna-Fil-Rouge-Sail-min.webp","type":"image\/webp"}],"author":"Fil Rouge Sail","twitter_card":"summary_large_image","schema":{"@context":"https:\/\/schema.org","@graph":[{"@type":"Article","@id":"https:\/\/giteavelafilrouge.it\/fr\/2024\/04\/23\/arcipelago-di-la-maddalena\/#article","isPartOf":{"@id":"https:\/\/giteavelafilrouge.it\/fr\/2024\/04\/23\/arcipelago-di-la-maddalena\/"},"author":{"name":"Fil Rouge Sail","@id":"https:\/\/giteavelafilrouge.it\/fr\/#\/schema\/person\/85d8a6f010d0cbb078341ed3c6f8e4a6"},"headline":"Arcipelago di La Maddalena","datePublished":"2024-04-23T12:00:44+00:00","dateModified":"2024-05-09T14:23:55+00:00","mainEntityOfPage":{"@id":"https:\/\/giteavelafilrouge.it\/fr\/2024\/04\/23\/arcipelago-di-la-maddalena\/"},"wordCount":1069,"commentCount":0,"publisher":{"@id":"https:\/\/giteavelafilrouge.it\/fr\/#organization"},"image":{"@id":"https:\/\/giteavelafilrouge.it\/fr\/2024\/04\/23\/arcipelago-di-la-maddalena\/#primaryimage"},"thumbnailUrl":"https:\/\/giteavelafilrouge.it\/wp-content\/uploads\/2016\/06\/aripelago-di-La-Maddalena-sardegna-Fil-Rouge-Sail-min.webp","articleSection":["Curiosit\u00e0","Storia","Tour"],"inLanguage":"fr-FR","potentialAction":[{"@type":"CommentAction","name":"Comment","target":["https:\/\/giteavelafilrouge.it\/fr\/2024\/04\/23\/arcipelago-di-la-maddalena\/#respond"]}]},{"@type":"WebPage","@id":"https:\/\/giteavelafilrouge.it\/fr\/2024\/04\/23\/arcipelago-di-la-maddalena\/","url":"https:\/\/giteavelafilrouge.it\/fr\/2024\/04\/23\/arcipelago-di-la-maddalena\/","name":"Arcipelago di La Maddalena - Fil Rouge Sail","isPartOf":{"@id":"https:\/\/giteavelafilrouge.it\/fr\/#website"},"primaryImageOfPage":{"@id":"https:\/\/giteavelafilrouge.it\/fr\/2024\/04\/23\/arcipelago-di-la-maddalena\/#primaryimage"},"image":{"@id":"https:\/\/giteavelafilrouge.it\/fr\/2024\/04\/23\/arcipelago-di-la-maddalena\/#primaryimage"},"thumbnailUrl":"https:\/\/giteavelafilrouge.it\/wp-content\/uploads\/2016\/06\/aripelago-di-La-Maddalena-sardegna-Fil-Rouge-Sail-min.webp","datePublished":"2024-04-23T12:00:44+00:00","dateModified":"2024-05-09T14:23:55+00:00","description":"L'Isola di La Maddalena \u00e8 il fulcro dell'arcipelago, offrendo una combinazione affascinante di storia, cultura e paesaggi mozzafiato.","breadcrumb":{"@id":"https:\/\/giteavelafilrouge.it\/fr\/2024\/04\/23\/arcipelago-di-la-maddalena\/#breadcrumb"},"inLanguage":"fr-FR","potentialAction":[{"@type":"ReadAction","target":["https:\/\/giteavelafilrouge.it\/fr\/2024\/04\/23\/arcipelago-di-la-maddalena\/"]}]},{"@type":"ImageObject","inLanguage":"fr-FR","@id":"https:\/\/giteavelafilrouge.it\/fr\/2024\/04\/23\/arcipelago-di-la-maddalena\/#primaryimage","url":"https:\/\/giteavelafilrouge.it\/wp-content\/uploads\/2016\/06\/aripelago-di-La-Maddalena-sardegna-Fil-Rouge-Sail-min.webp","contentUrl":"https:\/\/giteavelafilrouge.it\/wp-content\/uploads\/2016\/06\/aripelago-di-La-Maddalena-sardegna-Fil-Rouge-Sail-min.webp","width":1080,"height":624,"caption":"L'arcipelago di La Maddalena, in Sardegna, fotografato da Fil Rouge Sail"},{"@type":"BreadcrumbList","@id":"https:\/\/giteavelafilrouge.it\/fr\/2024\/04\/23\/arcipelago-di-la-maddalena\/#breadcrumb","itemListElement":[{"@type":"ListItem","position":1,"name":"Home","item":"https:\/\/giteavelafilrouge.it\/fr\/"},{"@type":"ListItem","position":2,"name":"Curiosit\u00e9","item":"https:\/\/giteavelafilrouge.it\/fr\/category\/curiosite\/"},{"@type":"ListItem","position":3,"name":"Arcipelago di La Maddalena"}]},{"@type":"WebSite","@id":"https:\/\/giteavelafilrouge.it\/fr\/#website","url":"https:\/\/giteavelafilrouge.it\/fr\/","name":"Fil Rouge Sail","description":"Gite in barca a vela La Maddalena e Corsica","publisher":{"@id":"https:\/\/giteavelafilrouge.it\/fr\/#organization"},"alternateName":"Fil Rouge Sail","potentialAction":[{"@type":"SearchAction","target":{"@type":"EntryPoint","urlTemplate":"https:\/\/giteavelafilrouge.it\/fr\/?s={search_term_string}"},"query-input":{"@type":"PropertyValueSpecification","valueRequired":true,"valueName":"search_term_string"}}],"inLanguage":"fr-FR"},{"@type":"Organization","@id":"https:\/\/giteavelafilrouge.it\/fr\/#organization","name":"Fil Rouge Sail","url":"https:\/\/giteavelafilrouge.it\/fr\/","logo":{"@type":"ImageObject","inLanguage":"fr-FR","@id":"https:\/\/giteavelafilrouge.it\/fr\/#\/schema\/logo\/image\/","url":"https:\/\/giteavelafilrouge.it\/wp-content\/uploads\/2024\/03\/logo-fil-rouge-1.png","contentUrl":"https:\/\/giteavelafilrouge.it\/wp-content\/uploads\/2024\/03\/logo-fil-rouge-1.png","width":450,"height":178,"caption":"Fil Rouge Sail"},"image":{"@id":"https:\/\/giteavelafilrouge.it\/fr\/#\/schema\/logo\/image\/"},"sameAs":["https:\/\/www.facebook.com\/filrougesail\/","https:\/\/www.instagram.com\/filrougesail\/"]},{"@type":"Person","@id":"https:\/\/giteavelafilrouge.it\/fr\/#\/schema\/person\/85d8a6f010d0cbb078341ed3c6f8e4a6","name":"Fil Rouge Sail","image":{"@type":"ImageObject","inLanguage":"fr-FR","@id":"https:\/\/secure.gravatar.com\/avatar\/55bfcbdc3a6a8214aa5771b0932baa1f602d526216ea58cddab8a45c5a1b4538?s=96&d=mm&r=g","url":"https:\/\/secure.gravatar.com\/avatar\/55bfcbdc3a6a8214aa5771b0932baa1f602d526216ea58cddab8a45c5a1b4538?s=96&d=mm&r=g","contentUrl":"https:\/\/secure.gravatar.com\/avatar\/55bfcbdc3a6a8214aa5771b0932baa1f602d526216ea58cddab8a45c5a1b4538?s=96&d=mm&r=g","caption":"Fil Rouge Sail"},"url":"https:\/\/giteavelafilrouge.it\/fr\/author\/fil-rouge-sail\/"}]}},"_links":{"self":[{"href":"https:\/\/giteavelafilrouge.it\/fr\/wp-json\/wp\/v2\/posts\/1312","targetHints":{"allow":["GET"]}}],"collection":[{"href":"https:\/\/giteavelafilrouge.it\/fr\/wp-json\/wp\/v2\/posts"}],"about":[{"href":"https:\/\/giteavelafilrouge.it\/fr\/wp-json\/wp\/v2\/types\/post"}],"author":[{"embeddable":true,"href":"https:\/\/giteavelafilrouge.it\/fr\/wp-json\/wp\/v2\/users\/4"}],"replies":[{"embeddable":true,"href":"https:\/\/giteavelafilrouge.it\/fr\/wp-json\/wp\/v2\/comments?post=1312"}],"version-history":[{"count":5,"href":"https:\/\/giteavelafilrouge.it\/fr\/wp-json\/wp\/v2\/posts\/1312\/revisions"}],"predecessor-version":[{"id":6119,"href":"https:\/\/giteavelafilrouge.it\/fr\/wp-json\/wp\/v2\/posts\/1312\/revisions\/6119"}],"wp:featuredmedia":[{"embeddable":true,"href":"https:\/\/giteavelafilrouge.it\/fr\/wp-json\/wp\/v2\/media\/6095"}],"wp:attachment":[{"href":"https:\/\/giteavelafilrouge.it\/fr\/wp-json\/wp\/v2\/media?parent=1312"}],"wp:term":[{"taxonomy":"category","embeddable":true,"href":"https:\/\/giteavelafilrouge.it\/fr\/wp-json\/wp\/v2\/categories?post=1312"},{"taxonomy":"post_tag","embeddable":true,"href":"https:\/\/giteavelafilrouge.it\/fr\/wp-json\/wp\/v2\/tags?post=1312"}],"curies":[{"name":"wp","href":"https:\/\/api.w.org\/{rel}","templated":true}]}}