{"id":7448,"date":"2024-04-23T12:00:17","date_gmt":"2024-04-23T12:00:17","guid":{"rendered":"https:\/\/giteavelafilrouge.it\/2024\/04\/23\/isla-spargi\/"},"modified":"2024-05-09T14:23:57","modified_gmt":"2024-05-09T14:23:57","slug":"isla-spargi","status":"publish","type":"post","link":"https:\/\/giteavelafilrouge.it\/es\/2024\/04\/23\/isla-spargi\/","title":{"rendered":"Isla Spargi"},"content":{"rendered":"<div class=\"yoast-breadcrumbs\"><span><span><a href=\"https:\/\/giteavelafilrouge.it\/es\/\">Home<\/a><\/span> \u00bb <span><a href=\"https:\/\/giteavelafilrouge.it\/es\/category\/curiosidad\/\">Curiosidad<\/a><\/span> \u00bb <span class=\"breadcrumb_last\" aria-current=\"page\">Isla Spargi<\/span><\/span><\/div>\n<h2 class=\"wp-block-heading\">Isla Spargi<\/h2>\n\n<p>La isla de Spargi es la tercera isla m\u00e1s grande del archipi\u00e9lago de La Maddalena, ubicado frente a la costa noreste de Cerde\u00f1a. Este archipi\u00e9lago consta de siete islas principales y numerosos islotes m\u00e1s peque\u00f1os: La Maddalena, Caprera, Spargi, Santo Stefano, Budelli, Santa Maria, Razzoli.<\/p>\n\n<p>A lo largo de las costas de la isla de Spargi, de naturaleza gran\u00edtica, se pueden admirar numerosas calas con la arena m\u00e1s blanca, dunas y un mar turquesa deslumbrante.<\/p>\n\n<p>La isla tiene signos de presencia humana que datan del per\u00edodo neol\u00edtico hasta la Edad Nur\u00e1gica: en <strong>Cala Corsara<\/strong> , dentro de un tafone en la playa de Cala Corsara en Spargi, los materiales arqueol\u00f3gicos encontrados en el tafone justo en la playa, especialmente la obsidiana, testimonian que la isla estaba habitada y probablemente utilizada como escala en la navegaci\u00f3n entre las Bocche di Bonifacio, a lo largo de la ruta comercial de la obsidiana.<\/p>\n\n<p>Debido a su posici\u00f3n estrat\u00e9gica en el Mar Mediterr\u00e1neo, la isla de Spargi se utiliz\u00f3 con fines militares ya en el siglo XIX: hay numerosas fortificaciones en la isla. De hecho, fue utilizada como base militar entre las dos guerras mundiales. <\/p>\n\n<p>Sin embargo, con el tiempo, la zona perdi\u00f3 su importancia militar y se convirti\u00f3 en una importante atracci\u00f3n tur\u00edstica, apreciada por su belleza natural. Los colores y aromas de la isla son impresionantes: la vegetaci\u00f3n mediterr\u00e1nea, las dunas y las playas caracterizan la isla. <\/p>\n\n<h2 class=\"wp-block-heading\">\u00bfCu\u00e1les son las playas de Spargi?<\/h2>\n\n<p>La isla de Spargi es conocida por sus aguas cristalinas y sus playas de arena blanca. Sus playas son famosas en todo el mundo:<\/p>\n\n<h3 class=\"wp-block-heading\"><strong>Cala Corsara<\/strong><\/h3>\n\n<figure class=\"wp-block-image size-large\"><img loading=\"lazy\" decoding=\"async\" width=\"1024\" height=\"768\" src=\"https:\/\/giteavelafilrouge.it\/wp-content\/uploads\/2016\/06\/cala-corsara-spargi-escursione-fil-rouge-sail-min-1024x768.webp\" alt=\"Playa de Cala Corsara, en la isla de Spargi, desde la que se puede vislumbrar uno de los barcos de Fil Rouge Sail, empresa l&#xED;der en excursiones en velero por el archipi&#xE9;lago de La Maddalena y C&#xF3;rcega.\" class=\"wp-image-6077\" srcset=\"https:\/\/giteavelafilrouge.it\/wp-content\/uploads\/2016\/06\/cala-corsara-spargi-escursione-fil-rouge-sail-min-1024x768.webp 1024w, https:\/\/giteavelafilrouge.it\/wp-content\/uploads\/2016\/06\/cala-corsara-spargi-escursione-fil-rouge-sail-min-300x225.webp 300w, https:\/\/giteavelafilrouge.it\/wp-content\/uploads\/2016\/06\/cala-corsara-spargi-escursione-fil-rouge-sail-min-768x576.webp 768w, https:\/\/giteavelafilrouge.it\/wp-content\/uploads\/2016\/06\/cala-corsara-spargi-escursione-fil-rouge-sail-min-1536x1151.webp 1536w\" sizes=\"auto, (max-width: 1024px) 100vw, 1024px\" \/><\/figure>\n\n<p>Considerada una de las playas m\u00e1s hermosas de todo el archipi\u00e9lago, Cala Corsara se caracteriza por una larga playa de arena blanca ba\u00f1ada por aguas turquesas y protegida por altos promontorios rocosos. <\/p>\n\n<p>Es el lugar ideal para hacer snorkel y bucear. En Cala Corsara tambi\u00e9n es posible bucear para descubrir el antiguo naufragio de un <a href=\"https:\/\/lamaddalena.info\/la-nave-romana-spargi\/\">barco de carga romano<\/a>, que data del 110 a.C. <\/p>\n\n<p>En 2016, Cala Corsara fue juzgada como \u00abla playa m\u00e1s hermosa de Italia\u00bb por Tripadvisor, y en 2018, fue incluida en las siete playas italianas para visitar por Forbes. <br\/>Famosas son las rocas de granito en la bah\u00eda, la \u00abCabeza de Bruja\u00bb y el \u00abBulldog\u00bb.<\/p>\n\n<h3 class=\"wp-block-heading\"><strong>Cala Granara<\/strong><\/h3>\n\n<figure class=\"wp-block-image size-large\"><img loading=\"lazy\" decoding=\"async\" width=\"1024\" height=\"545\" src=\"https:\/\/giteavelafilrouge.it\/wp-content\/uploads\/2016\/06\/cala-granara-spargi-escursione-fil-rouge-sail-min-1024x545.webp\" alt=\"La playa de Cala Granara, en la isla de Spargi, vista desde la proa de uno de los veleros Fil Rouge, empresa l&#xED;der en excursiones en velero por el archipi&#xE9;lago de La Maddalena y C&#xF3;rcega\" class=\"wp-image-6075\" srcset=\"https:\/\/giteavelafilrouge.it\/wp-content\/uploads\/2016\/06\/cala-granara-spargi-escursione-fil-rouge-sail-min-1024x545.webp 1024w, https:\/\/giteavelafilrouge.it\/wp-content\/uploads\/2016\/06\/cala-granara-spargi-escursione-fil-rouge-sail-min-300x160.webp 300w, https:\/\/giteavelafilrouge.it\/wp-content\/uploads\/2016\/06\/cala-granara-spargi-escursione-fil-rouge-sail-min-768x409.webp 768w, https:\/\/giteavelafilrouge.it\/wp-content\/uploads\/2016\/06\/cala-granara-spargi-escursione-fil-rouge-sail-min-1536x817.webp 1536w, https:\/\/giteavelafilrouge.it\/wp-content\/uploads\/2016\/06\/cala-granara-spargi-escursione-fil-rouge-sail-min-2048x1090.webp 2048w\" sizes=\"auto, (max-width: 1024px) 100vw, 1024px\" \/><\/figure>\n\n<p>Ubicada en el lado noreste de la isla, esta peque\u00f1a playa est\u00e1 rodeada de acantilados y ofrece un ambiente tranquilo e \u00edntimo, con una exuberante vegetaci\u00f3n que protege del sol en las horas m\u00e1s calurosas. <br\/>Las aguas cristalinas son perfectas para nadar y tomar el sol.<\/p>\n\n<h3 class=\"wp-block-heading\"><strong>Playa de Cala Connari<\/strong><\/h3>\n\n<figure class=\"wp-block-image size-large\"><img loading=\"lazy\" decoding=\"async\" width=\"1024\" height=\"768\" src=\"https:\/\/giteavelafilrouge.it\/wp-content\/uploads\/2016\/06\/cala-conneri-spargi-escursione-fil-rouge-sail-min-1024x768.webp\" alt=\"Playa de Cala Conneri, en la isla de Spargi, vista desde arriba gracias a la posibilidad de escalar los acantilados rocosos. Foto tomada por Fil Rouge Sail, empresa l&#xED;der en excursiones en velero por el archipi&#xE9;lago de La Maddalena y C&#xF3;rcega\" class=\"wp-image-6078\" srcset=\"https:\/\/giteavelafilrouge.it\/wp-content\/uploads\/2016\/06\/cala-conneri-spargi-escursione-fil-rouge-sail-min-1024x768.webp 1024w, https:\/\/giteavelafilrouge.it\/wp-content\/uploads\/2016\/06\/cala-conneri-spargi-escursione-fil-rouge-sail-min-300x225.webp 300w, https:\/\/giteavelafilrouge.it\/wp-content\/uploads\/2016\/06\/cala-conneri-spargi-escursione-fil-rouge-sail-min-768x576.webp 768w, https:\/\/giteavelafilrouge.it\/wp-content\/uploads\/2016\/06\/cala-conneri-spargi-escursione-fil-rouge-sail-min-1536x1151.webp 1536w\" sizes=\"auto, (max-width: 1024px) 100vw, 1024px\" \/><\/figure>\n\n<p>Escondida entre acantilados y vegetaci\u00f3n mediterr\u00e1nea, esta playa ofrece un entorno salvaje y pintoresco. Sus aguas son ideales para nadar y hacer snorkel, y el paisaje circundante es perfecto para hacer senderismo.<\/p>\n\n<h3 class=\"wp-block-heading\"><strong>Playa de Cala Ciaccaro o \u00abCala Soraya\u00bb<\/strong><\/h3>\n\n<figure class=\"wp-block-image size-large\"><img loading=\"lazy\" decoding=\"async\" width=\"1024\" height=\"768\" src=\"https:\/\/giteavelafilrouge.it\/wp-content\/uploads\/2016\/06\/cala-soraya-ciaccaro-spargi-escursione-fil-rouge-sail-min-1024x768.webp\" alt=\"Cala Ciaccaro o m&#xE1;s conocida como &#x201C;Cala Soraya&#x201D;, es una de las paradas de la isla de Spargi que se puede contemplar desde a bordo de uno de los barcos de Fil Rouge Sail, empresa l&#xED;der en excursiones en velero por el Archipi&#xE9;lago de La Maddalena y C&#xF3;rcega.\" class=\"wp-image-6076\" srcset=\"https:\/\/giteavelafilrouge.it\/wp-content\/uploads\/2016\/06\/cala-soraya-ciaccaro-spargi-escursione-fil-rouge-sail-min-1024x768.webp 1024w, https:\/\/giteavelafilrouge.it\/wp-content\/uploads\/2016\/06\/cala-soraya-ciaccaro-spargi-escursione-fil-rouge-sail-min-300x225.webp 300w, https:\/\/giteavelafilrouge.it\/wp-content\/uploads\/2016\/06\/cala-soraya-ciaccaro-spargi-escursione-fil-rouge-sail-min-768x576.webp 768w, https:\/\/giteavelafilrouge.it\/wp-content\/uploads\/2016\/06\/cala-soraya-ciaccaro-spargi-escursione-fil-rouge-sail-min-1536x1151.webp 1536w\" sizes=\"auto, (max-width: 1024px) 100vw, 1024px\" \/><\/figure>\n\n<p>Con su arena blanca y dunas formadas por el viento que llegan hasta la playa, esta playa es un para\u00edso. La playa se llama \u00abCala Soraya\u00bb porque se dice que la ex reina de Persia Soraya Esfandiary, repudiada por su esposo, frecuentaba esta playa en Spargi.<\/p>\n\n<p>La isla de Spargi tambi\u00e9n es conocida por su flora y fauna silvestres, con una variedad de especies de plantas end\u00e9micas y aves migratorias que habitan en la zona.<br\/>Los amantes de la naturaleza pueden explorar los senderos de la isla y disfrutar de su belleza natural pr\u00edstina.<\/p>\n\n<h2 class=\"wp-block-heading\"><strong>\u00bfC\u00f3mo visitar Spargi?<\/strong><\/h2>\n\n<p><strong>La isla de Spargi solo se puede llegar por mar. <\/strong> La mejor manera de disfrutar de las maravillas de esta isla, respetando la naturaleza y el ecosistema, es utilizando veleros no contaminantes, en perfecta armon\u00eda con la belleza de estas islas. <\/p>\n\n<p>Comprueba ahora la disponibilidad de la excursi\u00f3n a las islas del archipi\u00e9lago de La Maddalena, con salidas tanto desde La Maddalena como desde Palau. Puedes visitar tanto Spargi, como Santa Maria y Budelli con la magn\u00edfica Playa Rosa.<\/p>\n\n<p><a href=\"https:\/\/giteavelafilrouge.it\/es\/tour\/excursiones-en-velero-por-el-archipielago-de-la-maddalena\/\">Haga clic aqu\u00ed para reservar.<\/a><\/p>\n","protected":false},"excerpt":{"rendered":"<p>Una maravillosa serenidad se ha apoderado de toda mi alma, como estas dulces ma\u00f1anas de primavera que disfruto con todo mi coraz\u00f3n. Estoy sola y siento el encanto de la existencia en este lugar, que fue creado para la dicha de almas como la m\u00eda. Soy tan feliz, mi querido amigo, tan absorto en el exquisito sentido de la mera existencia tranquila, que descuido mis talentos. Ser\u00eda incapaz de trazar un solo trazo en este momento; y, sin embargo, siento que nunca fui un artista m\u00e1s grande que ahora. Cuando, mientras el hermoso valle rebosa de vapor a mi alrededor, y el sol meridiano golpea la superficie superior del impenetrable follaje de mis \u00e1rboles, y s\u00f3lo unos pocos destellos perdidos se cuelan en el santuario interior, me arrojo entre la hierba alta junto al corriente goteante; y, mientras estoy cerca de la tierra, me doy cuenta de mil plantas desconocidas: cuando escucho el zumbido del peque\u00f1o mundo entre los tallos y me familiarizo con las innumerables e indescriptibles formas de los insectos y las moscas, entonces siento el presencia del Todopoderoso, que nos form\u00f3 a su propia imagen, y el aliento de ese amor universal que nos sostiene y sostiene, mientras flota a nuestro alrededor en una eternidad de felicidad.<\/p>\n","protected":false},"author":4,"featured_media":6924,"comment_status":"open","ping_status":"open","sticky":false,"template":"","format":"standard","meta":{"rs_blank_template":"","rs_page_bg_color":"","slide_template_v7":"","_joinchat":[],"footnotes":""},"categories":[214,213,215],"tags":[],"class_list":["post-7448","post","type-post","status-publish","format-standard","has-post-thumbnail","hentry","category-curiosidad","category-excursiones","category-historia"],"yoast_head":"<!-- This site is optimized with the Yoast SEO plugin v27.5 - https:\/\/yoast.com\/product\/yoast-seo-wordpress\/ -->\n<title>Isla Spargi - Fil Rouge Sail<\/title>\n<meta name=\"description\" content=\"La isla de Spargi es la tercera isla m\u00e1s grande del archipi\u00e9lago de La Maddalena, famosa por su uso en la guerra durante las guerras mundiales.\" \/>\n<meta name=\"robots\" content=\"index, follow, max-snippet:-1, max-image-preview:large, max-video-preview:-1\" \/>\n<link rel=\"canonical\" href=\"https:\/\/giteavelafilrouge.it\/es\/2024\/04\/23\/isla-spargi\/\" \/>\n<meta property=\"og:locale\" content=\"es_ES\" \/>\n<meta property=\"og:type\" content=\"article\" \/>\n<meta property=\"og:title\" content=\"Isla Spargi - Fil Rouge Sail\" \/>\n<meta property=\"og:description\" content=\"La isla de Spargi es la tercera isla m\u00e1s grande del archipi\u00e9lago de La Maddalena, famosa por su uso en la guerra durante las guerras mundiales.\" \/>\n<meta property=\"og:url\" content=\"https:\/\/giteavelafilrouge.it\/es\/2024\/04\/23\/isla-spargi\/\" \/>\n<meta property=\"og:site_name\" content=\"Fil Rouge Sail\" \/>\n<meta property=\"article:publisher\" content=\"https:\/\/www.facebook.com\/filrougesail\/\" \/>\n<meta property=\"article:published_time\" content=\"2024-04-23T12:00:17+00:00\" \/>\n<meta property=\"article:modified_time\" content=\"2024-05-09T14:23:57+00:00\" \/>\n<meta property=\"og:image\" content=\"https:\/\/giteavelafilrouge.it\/wp-content\/uploads\/2016\/06\/isola-di-spargi-sardegna-escursioni-fil-rouge-sail-min.webp\" \/>\n\t<meta property=\"og:image:width\" content=\"1080\" \/>\n\t<meta property=\"og:image:height\" content=\"624\" \/>\n\t<meta property=\"og:image:type\" content=\"image\/webp\" \/>\n<meta name=\"author\" content=\"Fil Rouge Sail\" \/>\n<meta name=\"twitter:card\" content=\"summary_large_image\" \/>\n<script type=\"application\/ld+json\" class=\"yoast-schema-graph\">{\"@context\":\"https:\\\/\\\/schema.org\",\"@graph\":[{\"@type\":\"Article\",\"@id\":\"https:\\\/\\\/giteavelafilrouge.it\\\/es\\\/2024\\\/04\\\/23\\\/isla-spargi\\\/#article\",\"isPartOf\":{\"@id\":\"https:\\\/\\\/giteavelafilrouge.it\\\/es\\\/2024\\\/04\\\/23\\\/isla-spargi\\\/\"},\"author\":{\"name\":\"Fil Rouge Sail\",\"@id\":\"https:\\\/\\\/giteavelafilrouge.it\\\/es\\\/#\\\/schema\\\/person\\\/85d8a6f010d0cbb078341ed3c6f8e4a6\"},\"headline\":\"Isla Spargi\",\"datePublished\":\"2024-04-23T12:00:17+00:00\",\"dateModified\":\"2024-05-09T14:23:57+00:00\",\"mainEntityOfPage\":{\"@id\":\"https:\\\/\\\/giteavelafilrouge.it\\\/es\\\/2024\\\/04\\\/23\\\/isla-spargi\\\/\"},\"wordCount\":690,\"commentCount\":0,\"publisher\":{\"@id\":\"https:\\\/\\\/giteavelafilrouge.it\\\/es\\\/#organization\"},\"image\":{\"@id\":\"https:\\\/\\\/giteavelafilrouge.it\\\/es\\\/2024\\\/04\\\/23\\\/isla-spargi\\\/#primaryimage\"},\"thumbnailUrl\":\"https:\\\/\\\/giteavelafilrouge.it\\\/wp-content\\\/uploads\\\/2016\\\/06\\\/isola-di-spargi-sardegna-escursioni-fil-rouge-sail-min.webp\",\"articleSection\":[\"Curiosidad\",\"Excursiones\",\"Historia\"],\"inLanguage\":\"es\",\"potentialAction\":[{\"@type\":\"CommentAction\",\"name\":\"Comment\",\"target\":[\"https:\\\/\\\/giteavelafilrouge.it\\\/es\\\/2024\\\/04\\\/23\\\/isla-spargi\\\/#respond\"]}]},{\"@type\":\"WebPage\",\"@id\":\"https:\\\/\\\/giteavelafilrouge.it\\\/es\\\/2024\\\/04\\\/23\\\/isla-spargi\\\/\",\"url\":\"https:\\\/\\\/giteavelafilrouge.it\\\/es\\\/2024\\\/04\\\/23\\\/isla-spargi\\\/\",\"name\":\"Isla Spargi - Fil Rouge Sail\",\"isPartOf\":{\"@id\":\"https:\\\/\\\/giteavelafilrouge.it\\\/es\\\/#website\"},\"primaryImageOfPage\":{\"@id\":\"https:\\\/\\\/giteavelafilrouge.it\\\/es\\\/2024\\\/04\\\/23\\\/isla-spargi\\\/#primaryimage\"},\"image\":{\"@id\":\"https:\\\/\\\/giteavelafilrouge.it\\\/es\\\/2024\\\/04\\\/23\\\/isla-spargi\\\/#primaryimage\"},\"thumbnailUrl\":\"https:\\\/\\\/giteavelafilrouge.it\\\/wp-content\\\/uploads\\\/2016\\\/06\\\/isola-di-spargi-sardegna-escursioni-fil-rouge-sail-min.webp\",\"datePublished\":\"2024-04-23T12:00:17+00:00\",\"dateModified\":\"2024-05-09T14:23:57+00:00\",\"description\":\"La isla de Spargi es la tercera isla m\u00e1s grande del archipi\u00e9lago de La Maddalena, famosa por su uso en la guerra durante las guerras mundiales.\",\"breadcrumb\":{\"@id\":\"https:\\\/\\\/giteavelafilrouge.it\\\/es\\\/2024\\\/04\\\/23\\\/isla-spargi\\\/#breadcrumb\"},\"inLanguage\":\"es\",\"potentialAction\":[{\"@type\":\"ReadAction\",\"target\":[\"https:\\\/\\\/giteavelafilrouge.it\\\/es\\\/2024\\\/04\\\/23\\\/isla-spargi\\\/\"]}]},{\"@type\":\"ImageObject\",\"inLanguage\":\"es\",\"@id\":\"https:\\\/\\\/giteavelafilrouge.it\\\/es\\\/2024\\\/04\\\/23\\\/isla-spargi\\\/#primaryimage\",\"url\":\"https:\\\/\\\/giteavelafilrouge.it\\\/wp-content\\\/uploads\\\/2016\\\/06\\\/isola-di-spargi-sardegna-escursioni-fil-rouge-sail-min.webp\",\"contentUrl\":\"https:\\\/\\\/giteavelafilrouge.it\\\/wp-content\\\/uploads\\\/2016\\\/06\\\/isola-di-spargi-sardegna-escursioni-fil-rouge-sail-min.webp\",\"width\":1080,\"height\":624},{\"@type\":\"BreadcrumbList\",\"@id\":\"https:\\\/\\\/giteavelafilrouge.it\\\/es\\\/2024\\\/04\\\/23\\\/isla-spargi\\\/#breadcrumb\",\"itemListElement\":[{\"@type\":\"ListItem\",\"position\":1,\"name\":\"Home\",\"item\":\"https:\\\/\\\/giteavelafilrouge.it\\\/es\\\/\"},{\"@type\":\"ListItem\",\"position\":2,\"name\":\"Curiosidad\",\"item\":\"https:\\\/\\\/giteavelafilrouge.it\\\/es\\\/category\\\/curiosidad\\\/\"},{\"@type\":\"ListItem\",\"position\":3,\"name\":\"Isla Spargi\"}]},{\"@type\":\"WebSite\",\"@id\":\"https:\\\/\\\/giteavelafilrouge.it\\\/es\\\/#website\",\"url\":\"https:\\\/\\\/giteavelafilrouge.it\\\/es\\\/\",\"name\":\"Fil Rouge Sail\",\"description\":\"Gite in barca a vela La Maddalena e Corsica\",\"publisher\":{\"@id\":\"https:\\\/\\\/giteavelafilrouge.it\\\/es\\\/#organization\"},\"alternateName\":\"Fil Rouge Sail\",\"potentialAction\":[{\"@type\":\"SearchAction\",\"target\":{\"@type\":\"EntryPoint\",\"urlTemplate\":\"https:\\\/\\\/giteavelafilrouge.it\\\/es\\\/?s={search_term_string}\"},\"query-input\":{\"@type\":\"PropertyValueSpecification\",\"valueRequired\":true,\"valueName\":\"search_term_string\"}}],\"inLanguage\":\"es\"},{\"@type\":\"Organization\",\"@id\":\"https:\\\/\\\/giteavelafilrouge.it\\\/es\\\/#organization\",\"name\":\"Fil Rouge Sail\",\"url\":\"https:\\\/\\\/giteavelafilrouge.it\\\/es\\\/\",\"logo\":{\"@type\":\"ImageObject\",\"inLanguage\":\"es\",\"@id\":\"https:\\\/\\\/giteavelafilrouge.it\\\/es\\\/#\\\/schema\\\/logo\\\/image\\\/\",\"url\":\"https:\\\/\\\/giteavelafilrouge.it\\\/wp-content\\\/uploads\\\/2024\\\/03\\\/logo-fil-rouge-1.png\",\"contentUrl\":\"https:\\\/\\\/giteavelafilrouge.it\\\/wp-content\\\/uploads\\\/2024\\\/03\\\/logo-fil-rouge-1.png\",\"width\":450,\"height\":178,\"caption\":\"Fil Rouge Sail\"},\"image\":{\"@id\":\"https:\\\/\\\/giteavelafilrouge.it\\\/es\\\/#\\\/schema\\\/logo\\\/image\\\/\"},\"sameAs\":[\"https:\\\/\\\/www.facebook.com\\\/filrougesail\\\/\",\"https:\\\/\\\/www.instagram.com\\\/filrougesail\\\/\"]},{\"@type\":\"Person\",\"@id\":\"https:\\\/\\\/giteavelafilrouge.it\\\/es\\\/#\\\/schema\\\/person\\\/85d8a6f010d0cbb078341ed3c6f8e4a6\",\"name\":\"Fil Rouge Sail\",\"image\":{\"@type\":\"ImageObject\",\"inLanguage\":\"es\",\"@id\":\"https:\\\/\\\/secure.gravatar.com\\\/avatar\\\/55bfcbdc3a6a8214aa5771b0932baa1f602d526216ea58cddab8a45c5a1b4538?s=96&d=mm&r=g\",\"url\":\"https:\\\/\\\/secure.gravatar.com\\\/avatar\\\/55bfcbdc3a6a8214aa5771b0932baa1f602d526216ea58cddab8a45c5a1b4538?s=96&d=mm&r=g\",\"contentUrl\":\"https:\\\/\\\/secure.gravatar.com\\\/avatar\\\/55bfcbdc3a6a8214aa5771b0932baa1f602d526216ea58cddab8a45c5a1b4538?s=96&d=mm&r=g\",\"caption\":\"Fil Rouge Sail\"},\"url\":\"https:\\\/\\\/giteavelafilrouge.it\\\/es\\\/author\\\/fil-rouge-sail\\\/\"}]}<\/script>\n<!-- \/ Yoast SEO plugin. -->","yoast_head_json":{"title":"Isla Spargi - Fil Rouge Sail","description":"La isla de Spargi es la tercera isla m\u00e1s grande del archipi\u00e9lago de La Maddalena, famosa por su uso en la guerra durante las guerras mundiales.","robots":{"index":"index","follow":"follow","max-snippet":"max-snippet:-1","max-image-preview":"max-image-preview:large","max-video-preview":"max-video-preview:-1"},"canonical":"https:\/\/giteavelafilrouge.it\/es\/2024\/04\/23\/isla-spargi\/","og_locale":"es_ES","og_type":"article","og_title":"Isla Spargi - Fil Rouge Sail","og_description":"La isla de Spargi es la tercera isla m\u00e1s grande del archipi\u00e9lago de La Maddalena, famosa por su uso en la guerra durante las guerras mundiales.","og_url":"https:\/\/giteavelafilrouge.it\/es\/2024\/04\/23\/isla-spargi\/","og_site_name":"Fil Rouge Sail","article_publisher":"https:\/\/www.facebook.com\/filrougesail\/","article_published_time":"2024-04-23T12:00:17+00:00","article_modified_time":"2024-05-09T14:23:57+00:00","og_image":[{"width":1080,"height":624,"url":"https:\/\/giteavelafilrouge.it\/wp-content\/uploads\/2016\/06\/isola-di-spargi-sardegna-escursioni-fil-rouge-sail-min.webp","type":"image\/webp"}],"author":"Fil Rouge Sail","twitter_card":"summary_large_image","schema":{"@context":"https:\/\/schema.org","@graph":[{"@type":"Article","@id":"https:\/\/giteavelafilrouge.it\/es\/2024\/04\/23\/isla-spargi\/#article","isPartOf":{"@id":"https:\/\/giteavelafilrouge.it\/es\/2024\/04\/23\/isla-spargi\/"},"author":{"name":"Fil Rouge Sail","@id":"https:\/\/giteavelafilrouge.it\/es\/#\/schema\/person\/85d8a6f010d0cbb078341ed3c6f8e4a6"},"headline":"Isla Spargi","datePublished":"2024-04-23T12:00:17+00:00","dateModified":"2024-05-09T14:23:57+00:00","mainEntityOfPage":{"@id":"https:\/\/giteavelafilrouge.it\/es\/2024\/04\/23\/isla-spargi\/"},"wordCount":690,"commentCount":0,"publisher":{"@id":"https:\/\/giteavelafilrouge.it\/es\/#organization"},"image":{"@id":"https:\/\/giteavelafilrouge.it\/es\/2024\/04\/23\/isla-spargi\/#primaryimage"},"thumbnailUrl":"https:\/\/giteavelafilrouge.it\/wp-content\/uploads\/2016\/06\/isola-di-spargi-sardegna-escursioni-fil-rouge-sail-min.webp","articleSection":["Curiosidad","Excursiones","Historia"],"inLanguage":"es","potentialAction":[{"@type":"CommentAction","name":"Comment","target":["https:\/\/giteavelafilrouge.it\/es\/2024\/04\/23\/isla-spargi\/#respond"]}]},{"@type":"WebPage","@id":"https:\/\/giteavelafilrouge.it\/es\/2024\/04\/23\/isla-spargi\/","url":"https:\/\/giteavelafilrouge.it\/es\/2024\/04\/23\/isla-spargi\/","name":"Isla Spargi - Fil Rouge Sail","isPartOf":{"@id":"https:\/\/giteavelafilrouge.it\/es\/#website"},"primaryImageOfPage":{"@id":"https:\/\/giteavelafilrouge.it\/es\/2024\/04\/23\/isla-spargi\/#primaryimage"},"image":{"@id":"https:\/\/giteavelafilrouge.it\/es\/2024\/04\/23\/isla-spargi\/#primaryimage"},"thumbnailUrl":"https:\/\/giteavelafilrouge.it\/wp-content\/uploads\/2016\/06\/isola-di-spargi-sardegna-escursioni-fil-rouge-sail-min.webp","datePublished":"2024-04-23T12:00:17+00:00","dateModified":"2024-05-09T14:23:57+00:00","description":"La isla de Spargi es la tercera isla m\u00e1s grande del archipi\u00e9lago de La Maddalena, famosa por su uso en la guerra durante las guerras mundiales.","breadcrumb":{"@id":"https:\/\/giteavelafilrouge.it\/es\/2024\/04\/23\/isla-spargi\/#breadcrumb"},"inLanguage":"es","potentialAction":[{"@type":"ReadAction","target":["https:\/\/giteavelafilrouge.it\/es\/2024\/04\/23\/isla-spargi\/"]}]},{"@type":"ImageObject","inLanguage":"es","@id":"https:\/\/giteavelafilrouge.it\/es\/2024\/04\/23\/isla-spargi\/#primaryimage","url":"https:\/\/giteavelafilrouge.it\/wp-content\/uploads\/2016\/06\/isola-di-spargi-sardegna-escursioni-fil-rouge-sail-min.webp","contentUrl":"https:\/\/giteavelafilrouge.it\/wp-content\/uploads\/2016\/06\/isola-di-spargi-sardegna-escursioni-fil-rouge-sail-min.webp","width":1080,"height":624},{"@type":"BreadcrumbList","@id":"https:\/\/giteavelafilrouge.it\/es\/2024\/04\/23\/isla-spargi\/#breadcrumb","itemListElement":[{"@type":"ListItem","position":1,"name":"Home","item":"https:\/\/giteavelafilrouge.it\/es\/"},{"@type":"ListItem","position":2,"name":"Curiosidad","item":"https:\/\/giteavelafilrouge.it\/es\/category\/curiosidad\/"},{"@type":"ListItem","position":3,"name":"Isla Spargi"}]},{"@type":"WebSite","@id":"https:\/\/giteavelafilrouge.it\/es\/#website","url":"https:\/\/giteavelafilrouge.it\/es\/","name":"Fil Rouge Sail","description":"Gite in barca a vela La Maddalena e Corsica","publisher":{"@id":"https:\/\/giteavelafilrouge.it\/es\/#organization"},"alternateName":"Fil Rouge Sail","potentialAction":[{"@type":"SearchAction","target":{"@type":"EntryPoint","urlTemplate":"https:\/\/giteavelafilrouge.it\/es\/?s={search_term_string}"},"query-input":{"@type":"PropertyValueSpecification","valueRequired":true,"valueName":"search_term_string"}}],"inLanguage":"es"},{"@type":"Organization","@id":"https:\/\/giteavelafilrouge.it\/es\/#organization","name":"Fil Rouge Sail","url":"https:\/\/giteavelafilrouge.it\/es\/","logo":{"@type":"ImageObject","inLanguage":"es","@id":"https:\/\/giteavelafilrouge.it\/es\/#\/schema\/logo\/image\/","url":"https:\/\/giteavelafilrouge.it\/wp-content\/uploads\/2024\/03\/logo-fil-rouge-1.png","contentUrl":"https:\/\/giteavelafilrouge.it\/wp-content\/uploads\/2024\/03\/logo-fil-rouge-1.png","width":450,"height":178,"caption":"Fil Rouge Sail"},"image":{"@id":"https:\/\/giteavelafilrouge.it\/es\/#\/schema\/logo\/image\/"},"sameAs":["https:\/\/www.facebook.com\/filrougesail\/","https:\/\/www.instagram.com\/filrougesail\/"]},{"@type":"Person","@id":"https:\/\/giteavelafilrouge.it\/es\/#\/schema\/person\/85d8a6f010d0cbb078341ed3c6f8e4a6","name":"Fil Rouge Sail","image":{"@type":"ImageObject","inLanguage":"es","@id":"https:\/\/secure.gravatar.com\/avatar\/55bfcbdc3a6a8214aa5771b0932baa1f602d526216ea58cddab8a45c5a1b4538?s=96&d=mm&r=g","url":"https:\/\/secure.gravatar.com\/avatar\/55bfcbdc3a6a8214aa5771b0932baa1f602d526216ea58cddab8a45c5a1b4538?s=96&d=mm&r=g","contentUrl":"https:\/\/secure.gravatar.com\/avatar\/55bfcbdc3a6a8214aa5771b0932baa1f602d526216ea58cddab8a45c5a1b4538?s=96&d=mm&r=g","caption":"Fil Rouge Sail"},"url":"https:\/\/giteavelafilrouge.it\/es\/author\/fil-rouge-sail\/"}]}},"_links":{"self":[{"href":"https:\/\/giteavelafilrouge.it\/es\/wp-json\/wp\/v2\/posts\/7448","targetHints":{"allow":["GET"]}}],"collection":[{"href":"https:\/\/giteavelafilrouge.it\/es\/wp-json\/wp\/v2\/posts"}],"about":[{"href":"https:\/\/giteavelafilrouge.it\/es\/wp-json\/wp\/v2\/types\/post"}],"author":[{"embeddable":true,"href":"https:\/\/giteavelafilrouge.it\/es\/wp-json\/wp\/v2\/users\/4"}],"replies":[{"embeddable":true,"href":"https:\/\/giteavelafilrouge.it\/es\/wp-json\/wp\/v2\/comments?post=7448"}],"version-history":[{"count":3,"href":"https:\/\/giteavelafilrouge.it\/es\/wp-json\/wp\/v2\/posts\/7448\/revisions"}],"predecessor-version":[{"id":7747,"href":"https:\/\/giteavelafilrouge.it\/es\/wp-json\/wp\/v2\/posts\/7448\/revisions\/7747"}],"wp:featuredmedia":[{"embeddable":true,"href":"https:\/\/giteavelafilrouge.it\/es\/wp-json\/wp\/v2\/media\/6924"}],"wp:attachment":[{"href":"https:\/\/giteavelafilrouge.it\/es\/wp-json\/wp\/v2\/media?parent=7448"}],"wp:term":[{"taxonomy":"category","embeddable":true,"href":"https:\/\/giteavelafilrouge.it\/es\/wp-json\/wp\/v2\/categories?post=7448"},{"taxonomy":"post_tag","embeddable":true,"href":"https:\/\/giteavelafilrouge.it\/es\/wp-json\/wp\/v2\/tags?post=7448"}],"curies":[{"name":"wp","href":"https:\/\/api.w.org\/{rel}","templated":true}]}}